{"id":274,"date":"2024-10-23T15:49:58","date_gmt":"2024-10-23T15:49:58","guid":{"rendered":"https:\/\/laterreferme.be\/wordpress_2\/?p=274"},"modified":"2025-04-25T13:52:40","modified_gmt":"2025-04-25T13:52:40","slug":"la-terre-ferme-est-en-ligne","status":"publish","type":"post","link":"https:\/\/laterreferme.be\/wordpress_2\/index.php\/2024\/10\/23\/la-terre-ferme-est-en-ligne\/","title":{"rendered":"La Terre Ferme est en ligne !"},"content":{"rendered":"\n<p>Nous sommes ravis de vous annoncer une grande nouvelle : <strong>La Terre Ferme<\/strong> a officiellement lanc\u00e9 son nouveau site internet ! \ud83c\udf31\u2728<\/p>\n\n\n\n<p>Notre projet, d\u00e9di\u00e9e au mara\u00eechage, \u00e0 la vigne, \u00e0 la cr\u00e9ation d&rsquo;un lieu de ressourcement, a pour mission de vous reconnecter avec la terre, avec les personnes et de vous offrir des produits frais et de qualit\u00e9. Gr\u00e2ce \u00e0 notre nouveau site, vous pourrez d\u00e9couvrir notre histoire, nos valeurs et nos activit\u00e9s. Que vous soyez mara\u00eecher dans l&rsquo;\u00e2me, \u00e9picurien en qu\u00eate de saveurs authentiques ou simplement \u00e0 la recherche d&rsquo;un espace de d\u00e9tente et de partage, nous avons quelque chose \u00e0 vous offrir.<\/p>\n\n\n\n<h3 class=\"wp-block-heading\">Explorez Notre Univers en Ligne<\/h3>\n\n\n\n<p>Sur notre site, vous trouverez :<\/p>\n\n\n\n<ul class=\"wp-block-list\">\n<li><strong>Des informations sur nos cultures<\/strong> : D\u00e9couvrez nos m\u00e9thodes de mara\u00eechage durable et nos vignes, ainsi que les produits que nous proposons.<\/li>\n\n\n\n<li><strong>Des \u00e9v\u00e9nements et ateliers<\/strong> : Restez inform\u00e9 sur nos activit\u00e9s, nos journ\u00e9es portes ouvertes et nos ateliers \u00e0 venir.<\/li>\n<\/ul>\n\n\n\n<h3 class=\"wp-block-heading\">Rejoignez-Nous sur les R\u00e9seaux Sociaux<\/h3>\n\n\n\n<p>Nous sommes \u00e9galement heureux de vous annoncer que <strong>La Terre Ferme<\/strong> est d\u00e9sormais pr\u00e9sente sur <strong>Facebook<\/strong> et <strong>LinkedIn<\/strong> ! Suivez-nous pour rester \u00e0 jour sur nos actualit\u00e9s, nos \u00e9v\u00e9nements et nos conseils. C&rsquo;est l&rsquo;occasion parfaite d&rsquo;\u00e9changer avec nous et de partager votre passion pour la nature.<\/p>\n\n\n\n<ul class=\"wp-block-list\">\n<li><strong>Facebook<\/strong> : <a href=\"https:\/\/www.facebook.com\/profile.php?id=61563083257395\">https:\/\/www.facebook.com\/profile.php?id=61563083257395<\/a><\/li>\n\n\n\n<li><strong>Instagram<\/strong> : <a href=\"http:\/\/www.instagram.com\/la_terreferme\">http:\/\/www.instagram.com\/la_terreferme<\/a><\/li>\n\n\n\n<li><strong>LinkedIn<\/strong> : <a href=\"https:\/\/www.linkedin.com\/company\/la-terre-ferme-belgique\">https:\/\/www.linkedin.com\/company\/la-terre-ferme-belgique<\/a> <\/li>\n<\/ul>\n\n\n\n<h3 class=\"wp-block-heading\">Une Invitation \u00e0 la D\u00e9couverte<\/h3>\n\n\n\n<p>Nous vous invitons \u00e0 explorer notre site et \u00e0 nous suivre sur nos r\u00e9seaux sociaux. Votre soutien est pr\u00e9cieux pour nous, et nous avons h\u00e2te de partager cette aventure avec vous.<\/p>\n\n\n\n<p>Merci de faire partie de notre communaut\u00e9. \u00c0 tr\u00e8s bient\u00f4t sur <strong>La Terre Ferme<\/strong> !<\/p>\n\n\n\n<p>L\u2019\u00e9quipe de La Terre Ferme \ud83c\udf3f<\/p>\n","protected":false},"excerpt":{"rendered":"<p>Nous sommes ravis de vous annoncer une grande nouvelle : La Terre Ferme a officiellement lanc\u00e9 son nouveau site internet ! \ud83c\udf31\u2728 Notre projet, d\u00e9di\u00e9e au mara\u00eechage, \u00e0 la vigne, [&hellip;]<\/p>\n","protected":false},"author":1,"featured_media":224,"comment_status":"open","ping_status":"open","sticky":false,"template":"","format":"standard","meta":{"saved_in_kubio":false,"footnotes":""},"categories":[8],"tags":[],"class_list":["post-274","post","type-post","status-publish","format-standard","has-post-thumbnail","hentry","category-nouveautes"],"yoast_head":"<!-- This site is optimized with the Yoast SEO plugin v27.5 - https:\/\/yoast.com\/product\/yoast-seo-wordpress\/ -->\n<title>La Terre Ferme est en ligne ! - La Terre Ferme<\/title>\n<meta name=\"robots\" content=\"index, follow, max-snippet:-1, max-image-preview:large, max-video-preview:-1\" \/>\n<link rel=\"canonical\" href=\"https:\/\/laterreferme.be\/wordpress_2\/index.php\/2024\/10\/23\/la-terre-ferme-est-en-ligne\/\" \/>\n<meta property=\"og:locale\" content=\"fr_FR\" \/>\n<meta property=\"og:type\" content=\"article\" \/>\n<meta property=\"og:title\" content=\"La Terre Ferme est en ligne ! - La Terre Ferme\" \/>\n<meta property=\"og:description\" content=\"Nous sommes ravis de vous annoncer une grande nouvelle : La Terre Ferme a officiellement lanc\u00e9 son nouveau site internet ! \ud83c\udf31\u2728 Notre projet, d\u00e9di\u00e9e au mara\u00eechage, \u00e0 la vigne, [&hellip;]\" \/>\n<meta property=\"og:url\" content=\"https:\/\/laterreferme.be\/wordpress_2\/index.php\/2024\/10\/23\/la-terre-ferme-est-en-ligne\/\" \/>\n<meta property=\"og:site_name\" content=\"La Terre Ferme\" \/>\n<meta property=\"article:published_time\" content=\"2024-10-23T15:49:58+00:00\" \/>\n<meta property=\"article:modified_time\" content=\"2025-04-25T13:52:40+00:00\" \/>\n<meta property=\"og:image\" content=\"https:\/\/laterreferme.be\/wordpress_2\/wp-content\/uploads\/2024\/10\/IMG_4550-scaled.jpg\" \/>\n\t<meta property=\"og:image:width\" content=\"2560\" \/>\n\t<meta property=\"og:image:height\" content=\"1920\" \/>\n\t<meta property=\"og:image:type\" content=\"image\/jpeg\" \/>\n<meta name=\"author\" content=\"admin\" \/>\n<meta name=\"twitter:card\" content=\"summary_large_image\" \/>\n<meta name=\"twitter:label1\" content=\"\u00c9crit par\" \/>\n\t<meta name=\"twitter:data1\" content=\"admin\" \/>\n\t<meta name=\"twitter:label2\" content=\"Dur\u00e9e de lecture estim\u00e9e\" \/>\n\t<meta name=\"twitter:data2\" content=\"2 minutes\" \/>\n<script type=\"application\/ld+json\" class=\"yoast-schema-graph\">{\"@context\":\"https:\\\/\\\/schema.org\",\"@graph\":[{\"@type\":\"Article\",\"@id\":\"https:\\\/\\\/laterreferme.be\\\/wordpress_2\\\/index.php\\\/2024\\\/10\\\/23\\\/la-terre-ferme-est-en-ligne\\\/#article\",\"isPartOf\":{\"@id\":\"https:\\\/\\\/laterreferme.be\\\/wordpress_2\\\/index.php\\\/2024\\\/10\\\/23\\\/la-terre-ferme-est-en-ligne\\\/\"},\"author\":{\"name\":\"admin\",\"@id\":\"https:\\\/\\\/laterreferme.be\\\/wordpress_2\\\/#\\\/schema\\\/person\\\/42d281d4a4b5f42a44877279b463ff73\"},\"headline\":\"La Terre Ferme est en ligne !\",\"datePublished\":\"2024-10-23T15:49:58+00:00\",\"dateModified\":\"2025-04-25T13:52:40+00:00\",\"mainEntityOfPage\":{\"@id\":\"https:\\\/\\\/laterreferme.be\\\/wordpress_2\\\/index.php\\\/2024\\\/10\\\/23\\\/la-terre-ferme-est-en-ligne\\\/\"},\"wordCount\":307,\"commentCount\":0,\"publisher\":{\"@id\":\"https:\\\/\\\/laterreferme.be\\\/wordpress_2\\\/#organization\"},\"image\":{\"@id\":\"https:\\\/\\\/laterreferme.be\\\/wordpress_2\\\/index.php\\\/2024\\\/10\\\/23\\\/la-terre-ferme-est-en-ligne\\\/#primaryimage\"},\"thumbnailUrl\":\"https:\\\/\\\/laterreferme.be\\\/wordpress_2\\\/wp-content\\\/uploads\\\/2024\\\/10\\\/IMG_4550-scaled.jpg\",\"articleSection\":[\"Nouveaut\u00e9s\"],\"inLanguage\":\"fr-FR\",\"potentialAction\":[{\"@type\":\"CommentAction\",\"name\":\"Comment\",\"target\":[\"https:\\\/\\\/laterreferme.be\\\/wordpress_2\\\/index.php\\\/2024\\\/10\\\/23\\\/la-terre-ferme-est-en-ligne\\\/#respond\"]}]},{\"@type\":\"WebPage\",\"@id\":\"https:\\\/\\\/laterreferme.be\\\/wordpress_2\\\/index.php\\\/2024\\\/10\\\/23\\\/la-terre-ferme-est-en-ligne\\\/\",\"url\":\"https:\\\/\\\/laterreferme.be\\\/wordpress_2\\\/index.php\\\/2024\\\/10\\\/23\\\/la-terre-ferme-est-en-ligne\\\/\",\"name\":\"La Terre Ferme est en ligne ! - La Terre Ferme\",\"isPartOf\":{\"@id\":\"https:\\\/\\\/laterreferme.be\\\/wordpress_2\\\/#website\"},\"primaryImageOfPage\":{\"@id\":\"https:\\\/\\\/laterreferme.be\\\/wordpress_2\\\/index.php\\\/2024\\\/10\\\/23\\\/la-terre-ferme-est-en-ligne\\\/#primaryimage\"},\"image\":{\"@id\":\"https:\\\/\\\/laterreferme.be\\\/wordpress_2\\\/index.php\\\/2024\\\/10\\\/23\\\/la-terre-ferme-est-en-ligne\\\/#primaryimage\"},\"thumbnailUrl\":\"https:\\\/\\\/laterreferme.be\\\/wordpress_2\\\/wp-content\\\/uploads\\\/2024\\\/10\\\/IMG_4550-scaled.jpg\",\"datePublished\":\"2024-10-23T15:49:58+00:00\",\"dateModified\":\"2025-04-25T13:52:40+00:00\",\"breadcrumb\":{\"@id\":\"https:\\\/\\\/laterreferme.be\\\/wordpress_2\\\/index.php\\\/2024\\\/10\\\/23\\\/la-terre-ferme-est-en-ligne\\\/#breadcrumb\"},\"inLanguage\":\"fr-FR\",\"potentialAction\":[{\"@type\":\"ReadAction\",\"target\":[\"https:\\\/\\\/laterreferme.be\\\/wordpress_2\\\/index.php\\\/2024\\\/10\\\/23\\\/la-terre-ferme-est-en-ligne\\\/\"]}]},{\"@type\":\"ImageObject\",\"inLanguage\":\"fr-FR\",\"@id\":\"https:\\\/\\\/laterreferme.be\\\/wordpress_2\\\/index.php\\\/2024\\\/10\\\/23\\\/la-terre-ferme-est-en-ligne\\\/#primaryimage\",\"url\":\"https:\\\/\\\/laterreferme.be\\\/wordpress_2\\\/wp-content\\\/uploads\\\/2024\\\/10\\\/IMG_4550-scaled.jpg\",\"contentUrl\":\"https:\\\/\\\/laterreferme.be\\\/wordpress_2\\\/wp-content\\\/uploads\\\/2024\\\/10\\\/IMG_4550-scaled.jpg\",\"width\":2560,\"height\":1920},{\"@type\":\"BreadcrumbList\",\"@id\":\"https:\\\/\\\/laterreferme.be\\\/wordpress_2\\\/index.php\\\/2024\\\/10\\\/23\\\/la-terre-ferme-est-en-ligne\\\/#breadcrumb\",\"itemListElement\":[{\"@type\":\"ListItem\",\"position\":1,\"name\":\"Accueil\",\"item\":\"https:\\\/\\\/laterreferme.be\\\/wordpress_2\\\/\"},{\"@type\":\"ListItem\",\"position\":2,\"name\":\"La Terre Ferme est en ligne !\"}]},{\"@type\":\"WebSite\",\"@id\":\"https:\\\/\\\/laterreferme.be\\\/wordpress_2\\\/#website\",\"url\":\"https:\\\/\\\/laterreferme.be\\\/wordpress_2\\\/\",\"name\":\"La Terre Ferme\",\"description\":\"Des l\u00e9gumes sains, une exp\u00e9rience, du partage...\",\"publisher\":{\"@id\":\"https:\\\/\\\/laterreferme.be\\\/wordpress_2\\\/#organization\"},\"potentialAction\":[{\"@type\":\"SearchAction\",\"target\":{\"@type\":\"EntryPoint\",\"urlTemplate\":\"https:\\\/\\\/laterreferme.be\\\/wordpress_2\\\/?s={search_term_string}\"},\"query-input\":{\"@type\":\"PropertyValueSpecification\",\"valueRequired\":true,\"valueName\":\"search_term_string\"}}],\"inLanguage\":\"fr-FR\"},{\"@type\":\"Organization\",\"@id\":\"https:\\\/\\\/laterreferme.be\\\/wordpress_2\\\/#organization\",\"name\":\"La Terre Ferme\",\"url\":\"https:\\\/\\\/laterreferme.be\\\/wordpress_2\\\/\",\"logo\":{\"@type\":\"ImageObject\",\"inLanguage\":\"fr-FR\",\"@id\":\"https:\\\/\\\/laterreferme.be\\\/wordpress_2\\\/#\\\/schema\\\/logo\\\/image\\\/\",\"url\":\"https:\\\/\\\/laterreferme.be\\\/wordpress_2\\\/wp-content\\\/uploads\\\/2024\\\/10\\\/Logo-Full-Blanc.png\",\"contentUrl\":\"https:\\\/\\\/laterreferme.be\\\/wordpress_2\\\/wp-content\\\/uploads\\\/2024\\\/10\\\/Logo-Full-Blanc.png\",\"width\":4204,\"height\":1586,\"caption\":\"La Terre Ferme\"},\"image\":{\"@id\":\"https:\\\/\\\/laterreferme.be\\\/wordpress_2\\\/#\\\/schema\\\/logo\\\/image\\\/\"}},{\"@type\":\"Person\",\"@id\":\"https:\\\/\\\/laterreferme.be\\\/wordpress_2\\\/#\\\/schema\\\/person\\\/42d281d4a4b5f42a44877279b463ff73\",\"name\":\"admin\",\"image\":{\"@type\":\"ImageObject\",\"inLanguage\":\"fr-FR\",\"@id\":\"https:\\\/\\\/secure.gravatar.com\\\/avatar\\\/9a5fe18b312b2a042122ff84458fb49fb9e74aa85635007cbef2079cb44fc23f?s=96&d=mm&r=g\",\"url\":\"https:\\\/\\\/secure.gravatar.com\\\/avatar\\\/9a5fe18b312b2a042122ff84458fb49fb9e74aa85635007cbef2079cb44fc23f?s=96&d=mm&r=g\",\"contentUrl\":\"https:\\\/\\\/secure.gravatar.com\\\/avatar\\\/9a5fe18b312b2a042122ff84458fb49fb9e74aa85635007cbef2079cb44fc23f?s=96&d=mm&r=g\",\"caption\":\"admin\"},\"sameAs\":[\"https:\\\/\\\/laterreferme.be\\\/wordpress_2\"],\"url\":\"https:\\\/\\\/laterreferme.be\\\/wordpress_2\\\/index.php\\\/author\\\/admin_1idt1ly6\\\/\"}]}<\/script>\n<!-- \/ Yoast SEO plugin. -->","yoast_head_json":{"title":"La Terre Ferme est en ligne ! - La Terre Ferme","robots":{"index":"index","follow":"follow","max-snippet":"max-snippet:-1","max-image-preview":"max-image-preview:large","max-video-preview":"max-video-preview:-1"},"canonical":"https:\/\/laterreferme.be\/wordpress_2\/index.php\/2024\/10\/23\/la-terre-ferme-est-en-ligne\/","og_locale":"fr_FR","og_type":"article","og_title":"La Terre Ferme est en ligne ! - La Terre Ferme","og_description":"Nous sommes ravis de vous annoncer une grande nouvelle : La Terre Ferme a officiellement lanc\u00e9 son nouveau site internet ! \ud83c\udf31\u2728 Notre projet, d\u00e9di\u00e9e au mara\u00eechage, \u00e0 la vigne, [&hellip;]","og_url":"https:\/\/laterreferme.be\/wordpress_2\/index.php\/2024\/10\/23\/la-terre-ferme-est-en-ligne\/","og_site_name":"La Terre Ferme","article_published_time":"2024-10-23T15:49:58+00:00","article_modified_time":"2025-04-25T13:52:40+00:00","og_image":[{"width":2560,"height":1920,"url":"https:\/\/laterreferme.be\/wordpress_2\/wp-content\/uploads\/2024\/10\/IMG_4550-scaled.jpg","type":"image\/jpeg"}],"author":"admin","twitter_card":"summary_large_image","twitter_misc":{"\u00c9crit par":"admin","Dur\u00e9e de lecture estim\u00e9e":"2 minutes"},"schema":{"@context":"https:\/\/schema.org","@graph":[{"@type":"Article","@id":"https:\/\/laterreferme.be\/wordpress_2\/index.php\/2024\/10\/23\/la-terre-ferme-est-en-ligne\/#article","isPartOf":{"@id":"https:\/\/laterreferme.be\/wordpress_2\/index.php\/2024\/10\/23\/la-terre-ferme-est-en-ligne\/"},"author":{"name":"admin","@id":"https:\/\/laterreferme.be\/wordpress_2\/#\/schema\/person\/42d281d4a4b5f42a44877279b463ff73"},"headline":"La Terre Ferme est en ligne !","datePublished":"2024-10-23T15:49:58+00:00","dateModified":"2025-04-25T13:52:40+00:00","mainEntityOfPage":{"@id":"https:\/\/laterreferme.be\/wordpress_2\/index.php\/2024\/10\/23\/la-terre-ferme-est-en-ligne\/"},"wordCount":307,"commentCount":0,"publisher":{"@id":"https:\/\/laterreferme.be\/wordpress_2\/#organization"},"image":{"@id":"https:\/\/laterreferme.be\/wordpress_2\/index.php\/2024\/10\/23\/la-terre-ferme-est-en-ligne\/#primaryimage"},"thumbnailUrl":"https:\/\/laterreferme.be\/wordpress_2\/wp-content\/uploads\/2024\/10\/IMG_4550-scaled.jpg","articleSection":["Nouveaut\u00e9s"],"inLanguage":"fr-FR","potentialAction":[{"@type":"CommentAction","name":"Comment","target":["https:\/\/laterreferme.be\/wordpress_2\/index.php\/2024\/10\/23\/la-terre-ferme-est-en-ligne\/#respond"]}]},{"@type":"WebPage","@id":"https:\/\/laterreferme.be\/wordpress_2\/index.php\/2024\/10\/23\/la-terre-ferme-est-en-ligne\/","url":"https:\/\/laterreferme.be\/wordpress_2\/index.php\/2024\/10\/23\/la-terre-ferme-est-en-ligne\/","name":"La Terre Ferme est en ligne ! - La Terre Ferme","isPartOf":{"@id":"https:\/\/laterreferme.be\/wordpress_2\/#website"},"primaryImageOfPage":{"@id":"https:\/\/laterreferme.be\/wordpress_2\/index.php\/2024\/10\/23\/la-terre-ferme-est-en-ligne\/#primaryimage"},"image":{"@id":"https:\/\/laterreferme.be\/wordpress_2\/index.php\/2024\/10\/23\/la-terre-ferme-est-en-ligne\/#primaryimage"},"thumbnailUrl":"https:\/\/laterreferme.be\/wordpress_2\/wp-content\/uploads\/2024\/10\/IMG_4550-scaled.jpg","datePublished":"2024-10-23T15:49:58+00:00","dateModified":"2025-04-25T13:52:40+00:00","breadcrumb":{"@id":"https:\/\/laterreferme.be\/wordpress_2\/index.php\/2024\/10\/23\/la-terre-ferme-est-en-ligne\/#breadcrumb"},"inLanguage":"fr-FR","potentialAction":[{"@type":"ReadAction","target":["https:\/\/laterreferme.be\/wordpress_2\/index.php\/2024\/10\/23\/la-terre-ferme-est-en-ligne\/"]}]},{"@type":"ImageObject","inLanguage":"fr-FR","@id":"https:\/\/laterreferme.be\/wordpress_2\/index.php\/2024\/10\/23\/la-terre-ferme-est-en-ligne\/#primaryimage","url":"https:\/\/laterreferme.be\/wordpress_2\/wp-content\/uploads\/2024\/10\/IMG_4550-scaled.jpg","contentUrl":"https:\/\/laterreferme.be\/wordpress_2\/wp-content\/uploads\/2024\/10\/IMG_4550-scaled.jpg","width":2560,"height":1920},{"@type":"BreadcrumbList","@id":"https:\/\/laterreferme.be\/wordpress_2\/index.php\/2024\/10\/23\/la-terre-ferme-est-en-ligne\/#breadcrumb","itemListElement":[{"@type":"ListItem","position":1,"name":"Accueil","item":"https:\/\/laterreferme.be\/wordpress_2\/"},{"@type":"ListItem","position":2,"name":"La Terre Ferme est en ligne !"}]},{"@type":"WebSite","@id":"https:\/\/laterreferme.be\/wordpress_2\/#website","url":"https:\/\/laterreferme.be\/wordpress_2\/","name":"La Terre Ferme","description":"Des l\u00e9gumes sains, une exp\u00e9rience, du partage...","publisher":{"@id":"https:\/\/laterreferme.be\/wordpress_2\/#organization"},"potentialAction":[{"@type":"SearchAction","target":{"@type":"EntryPoint","urlTemplate":"https:\/\/laterreferme.be\/wordpress_2\/?s={search_term_string}"},"query-input":{"@type":"PropertyValueSpecification","valueRequired":true,"valueName":"search_term_string"}}],"inLanguage":"fr-FR"},{"@type":"Organization","@id":"https:\/\/laterreferme.be\/wordpress_2\/#organization","name":"La Terre Ferme","url":"https:\/\/laterreferme.be\/wordpress_2\/","logo":{"@type":"ImageObject","inLanguage":"fr-FR","@id":"https:\/\/laterreferme.be\/wordpress_2\/#\/schema\/logo\/image\/","url":"https:\/\/laterreferme.be\/wordpress_2\/wp-content\/uploads\/2024\/10\/Logo-Full-Blanc.png","contentUrl":"https:\/\/laterreferme.be\/wordpress_2\/wp-content\/uploads\/2024\/10\/Logo-Full-Blanc.png","width":4204,"height":1586,"caption":"La Terre Ferme"},"image":{"@id":"https:\/\/laterreferme.be\/wordpress_2\/#\/schema\/logo\/image\/"}},{"@type":"Person","@id":"https:\/\/laterreferme.be\/wordpress_2\/#\/schema\/person\/42d281d4a4b5f42a44877279b463ff73","name":"admin","image":{"@type":"ImageObject","inLanguage":"fr-FR","@id":"https:\/\/secure.gravatar.com\/avatar\/9a5fe18b312b2a042122ff84458fb49fb9e74aa85635007cbef2079cb44fc23f?s=96&d=mm&r=g","url":"https:\/\/secure.gravatar.com\/avatar\/9a5fe18b312b2a042122ff84458fb49fb9e74aa85635007cbef2079cb44fc23f?s=96&d=mm&r=g","contentUrl":"https:\/\/secure.gravatar.com\/avatar\/9a5fe18b312b2a042122ff84458fb49fb9e74aa85635007cbef2079cb44fc23f?s=96&d=mm&r=g","caption":"admin"},"sameAs":["https:\/\/laterreferme.be\/wordpress_2"],"url":"https:\/\/laterreferme.be\/wordpress_2\/index.php\/author\/admin_1idt1ly6\/"}]}},"_links":{"self":[{"href":"https:\/\/laterreferme.be\/wordpress_2\/index.php\/wp-json\/wp\/v2\/posts\/274","targetHints":{"allow":["GET"]}}],"collection":[{"href":"https:\/\/laterreferme.be\/wordpress_2\/index.php\/wp-json\/wp\/v2\/posts"}],"about":[{"href":"https:\/\/laterreferme.be\/wordpress_2\/index.php\/wp-json\/wp\/v2\/types\/post"}],"author":[{"embeddable":true,"href":"https:\/\/laterreferme.be\/wordpress_2\/index.php\/wp-json\/wp\/v2\/users\/1"}],"replies":[{"embeddable":true,"href":"https:\/\/laterreferme.be\/wordpress_2\/index.php\/wp-json\/wp\/v2\/comments?post=274"}],"version-history":[{"count":2,"href":"https:\/\/laterreferme.be\/wordpress_2\/index.php\/wp-json\/wp\/v2\/posts\/274\/revisions"}],"predecessor-version":[{"id":455,"href":"https:\/\/laterreferme.be\/wordpress_2\/index.php\/wp-json\/wp\/v2\/posts\/274\/revisions\/455"}],"wp:featuredmedia":[{"embeddable":true,"href":"https:\/\/laterreferme.be\/wordpress_2\/index.php\/wp-json\/wp\/v2\/media\/224"}],"wp:attachment":[{"href":"https:\/\/laterreferme.be\/wordpress_2\/index.php\/wp-json\/wp\/v2\/media?parent=274"}],"wp:term":[{"taxonomy":"category","embeddable":true,"href":"https:\/\/laterreferme.be\/wordpress_2\/index.php\/wp-json\/wp\/v2\/categories?post=274"},{"taxonomy":"post_tag","embeddable":true,"href":"https:\/\/laterreferme.be\/wordpress_2\/index.php\/wp-json\/wp\/v2\/tags?post=274"}],"curies":[{"name":"wp","href":"https:\/\/api.w.org\/{rel}","templated":true}]}}