{"id":461,"date":"2025-05-09T09:09:00","date_gmt":"2025-05-09T09:09:00","guid":{"rendered":"https:\/\/laterreferme.be\/wordpress_2\/?p=461"},"modified":"2025-05-09T09:09:28","modified_gmt":"2025-05-09T09:09:28","slug":"tomates-aubergines-concombres-legumes-de-saison-preparez-votre-potager-pour-lete","status":"publish","type":"post","link":"https:\/\/laterreferme.be\/wordpress_2\/index.php\/2025\/05\/09\/tomates-aubergines-concombres-legumes-de-saison-preparez-votre-potager-pour-lete\/","title":{"rendered":"Tomates, aubergines, concombres, l\u00e9gumes de saison : pr\u00e9parez votre potager pour l&rsquo;\u00e9t\u00e9 !"},"content":{"rendered":"\n<p>Cette belle saison qui d\u00e9marre annonce l&rsquo;abondance \u2600\ufe0f<\/p>\n\n\n\n<h4 class=\"wp-block-heading\">Vous souhaitez pr\u00e9parer votre potager pour l&rsquo;\u00e9t\u00e9 ? \ud83d\udc69\ud83c\udffb\u200d\ud83c\udf3e\ud83d\udc68\ud83c\udffb\u200d\ud83c\udf3e<\/h4>\n\n\n\n<p>Un large choix de l\u00e9gumes, pr\u00eat \u00e0 \u00eatre mis en terre vous attendra \u00e0 La Terre Ferme :<br>\ud83c\udf31Tomates (une 15aine de vari\u00e9t\u00e9s)<br>\ud83c\udf31Concombres<br>\ud83c\udf31Aubergines<br>\ud83c\udf31Courgettes<br>\ud83c\udf31Aromats (persil plat et fris\u00e9, basilic, c\u00e9leri \u2026)<br>\ud83c\udf31Laitues<br>\ud83c\udf31Bettes<br>\ud83c\udf31Fenouil<br>\ud83c\udf31\u2026 Une multitude de plants certifi\u00e9s bio<\/p>\n\n\n\n<p>Ces petits b\u00e9b\u00e9s sont cultiv\u00e9s avec soin par nos <strong>partenaires p\u00e9pini\u00e9ristes <\/strong>(Le grand potager &amp; De Koster)<\/p>\n\n\n\n<p>Venez nous retrouver dans ce havre de qui\u00e9tude entour\u00e9 de peupliers \ud83d\ude0c<\/p>\n\n\n\n<p>Vous pourrez \u00e9galement r\u00e9colter le panier hebdomadaire pour 15\u20ac. Les l\u00e9gumes, cultiv\u00e9s avec soin par vos maraichers, \u00e7a se d\u00e9guste \ud83d\ude0b<\/p>\n\n\n\n<p><strong>O\u00f9 ?<\/strong> \u00c0 La Terre Ferme, directement \u00e0 la source : 2 Rue de Saint G\u00e9rard, 5640 Graux<\/p>\n\n\n\n<p><strong>Quand ? <\/strong>Dimanche 11 mai, de 10h \u00e0 18h<\/p>\n\n\n\n\n\n<p><em>Vos maraichers passionn\u00e9s,<br>Marie &amp; Baptiste<\/em><\/p>\n","protected":false},"excerpt":{"rendered":"<p>Cette belle saison qui d\u00e9marre annonce l&rsquo;abondance \u2600\ufe0f Vous souhaitez pr\u00e9parer votre potager pour l&rsquo;\u00e9t\u00e9 ? \ud83d\udc69\ud83c\udffb\u200d\ud83c\udf3e\ud83d\udc68\ud83c\udffb\u200d\ud83c\udf3e Un large choix de l\u00e9gumes, pr\u00eat \u00e0 \u00eatre mis en terre vous attendra [&hellip;]<\/p>\n","protected":false},"author":1,"featured_media":462,"comment_status":"open","ping_status":"open","sticky":false,"template":"","format":"standard","meta":{"saved_in_kubio":false,"footnotes":""},"categories":[9],"tags":[],"class_list":["post-461","post","type-post","status-publish","format-standard","has-post-thumbnail","hentry","category-evenements"],"yoast_head":"<!-- This site is optimized with the Yoast SEO plugin v27.5 - https:\/\/yoast.com\/product\/yoast-seo-wordpress\/ -->\n<title>Tomates, aubergines, concombres, l\u00e9gumes de saison : pr\u00e9parez votre potager pour l&#039;\u00e9t\u00e9 ! - La Terre Ferme<\/title>\n<meta name=\"robots\" content=\"index, follow, max-snippet:-1, max-image-preview:large, max-video-preview:-1\" \/>\n<link rel=\"canonical\" href=\"https:\/\/laterreferme.be\/wordpress_2\/index.php\/2025\/05\/09\/tomates-aubergines-concombres-legumes-de-saison-preparez-votre-potager-pour-lete\/\" \/>\n<meta property=\"og:locale\" content=\"fr_FR\" \/>\n<meta property=\"og:type\" content=\"article\" \/>\n<meta property=\"og:title\" content=\"Tomates, aubergines, concombres, l\u00e9gumes de saison : pr\u00e9parez votre potager pour l&#039;\u00e9t\u00e9 ! - La Terre Ferme\" \/>\n<meta property=\"og:description\" content=\"Cette belle saison qui d\u00e9marre annonce l&rsquo;abondance \u2600\ufe0f Vous souhaitez pr\u00e9parer votre potager pour l&rsquo;\u00e9t\u00e9 ? \ud83d\udc69\ud83c\udffb\u200d\ud83c\udf3e\ud83d\udc68\ud83c\udffb\u200d\ud83c\udf3e Un large choix de l\u00e9gumes, pr\u00eat \u00e0 \u00eatre mis en terre vous attendra [&hellip;]\" \/>\n<meta property=\"og:url\" content=\"https:\/\/laterreferme.be\/wordpress_2\/index.php\/2025\/05\/09\/tomates-aubergines-concombres-legumes-de-saison-preparez-votre-potager-pour-lete\/\" \/>\n<meta property=\"og:site_name\" content=\"La Terre Ferme\" \/>\n<meta property=\"article:published_time\" content=\"2025-05-09T09:09:00+00:00\" \/>\n<meta property=\"article:modified_time\" content=\"2025-05-09T09:09:28+00:00\" \/>\n<meta property=\"og:image\" content=\"https:\/\/laterreferme.be\/wordpress_2\/wp-content\/uploads\/2025\/05\/IMG_5982-scaled.jpg\" \/>\n\t<meta property=\"og:image:width\" content=\"1920\" \/>\n\t<meta property=\"og:image:height\" content=\"2560\" \/>\n\t<meta property=\"og:image:type\" content=\"image\/jpeg\" \/>\n<meta name=\"author\" content=\"admin\" \/>\n<meta name=\"twitter:card\" content=\"summary_large_image\" \/>\n<meta name=\"twitter:label1\" content=\"\u00c9crit par\" \/>\n\t<meta name=\"twitter:data1\" content=\"admin\" \/>\n\t<meta name=\"twitter:label2\" content=\"Dur\u00e9e de lecture estim\u00e9e\" \/>\n\t<meta name=\"twitter:data2\" content=\"1 minute\" \/>\n<script type=\"application\/ld+json\" class=\"yoast-schema-graph\">{\"@context\":\"https:\\\/\\\/schema.org\",\"@graph\":[{\"@type\":\"Article\",\"@id\":\"https:\\\/\\\/laterreferme.be\\\/wordpress_2\\\/index.php\\\/2025\\\/05\\\/09\\\/tomates-aubergines-concombres-legumes-de-saison-preparez-votre-potager-pour-lete\\\/#article\",\"isPartOf\":{\"@id\":\"https:\\\/\\\/laterreferme.be\\\/wordpress_2\\\/index.php\\\/2025\\\/05\\\/09\\\/tomates-aubergines-concombres-legumes-de-saison-preparez-votre-potager-pour-lete\\\/\"},\"author\":{\"name\":\"admin\",\"@id\":\"https:\\\/\\\/laterreferme.be\\\/wordpress_2\\\/#\\\/schema\\\/person\\\/42d281d4a4b5f42a44877279b463ff73\"},\"headline\":\"Tomates, aubergines, concombres, l\u00e9gumes de saison : pr\u00e9parez votre potager pour l&rsquo;\u00e9t\u00e9 !\",\"datePublished\":\"2025-05-09T09:09:00+00:00\",\"dateModified\":\"2025-05-09T09:09:28+00:00\",\"mainEntityOfPage\":{\"@id\":\"https:\\\/\\\/laterreferme.be\\\/wordpress_2\\\/index.php\\\/2025\\\/05\\\/09\\\/tomates-aubergines-concombres-legumes-de-saison-preparez-votre-potager-pour-lete\\\/\"},\"wordCount\":168,\"commentCount\":0,\"publisher\":{\"@id\":\"https:\\\/\\\/laterreferme.be\\\/wordpress_2\\\/#organization\"},\"image\":{\"@id\":\"https:\\\/\\\/laterreferme.be\\\/wordpress_2\\\/index.php\\\/2025\\\/05\\\/09\\\/tomates-aubergines-concombres-legumes-de-saison-preparez-votre-potager-pour-lete\\\/#primaryimage\"},\"thumbnailUrl\":\"https:\\\/\\\/laterreferme.be\\\/wordpress_2\\\/wp-content\\\/uploads\\\/2025\\\/05\\\/IMG_5982-scaled.jpg\",\"articleSection\":[\"\u00c9venements\"],\"inLanguage\":\"fr-FR\",\"potentialAction\":[{\"@type\":\"CommentAction\",\"name\":\"Comment\",\"target\":[\"https:\\\/\\\/laterreferme.be\\\/wordpress_2\\\/index.php\\\/2025\\\/05\\\/09\\\/tomates-aubergines-concombres-legumes-de-saison-preparez-votre-potager-pour-lete\\\/#respond\"]}]},{\"@type\":\"WebPage\",\"@id\":\"https:\\\/\\\/laterreferme.be\\\/wordpress_2\\\/index.php\\\/2025\\\/05\\\/09\\\/tomates-aubergines-concombres-legumes-de-saison-preparez-votre-potager-pour-lete\\\/\",\"url\":\"https:\\\/\\\/laterreferme.be\\\/wordpress_2\\\/index.php\\\/2025\\\/05\\\/09\\\/tomates-aubergines-concombres-legumes-de-saison-preparez-votre-potager-pour-lete\\\/\",\"name\":\"Tomates, aubergines, concombres, l\u00e9gumes de saison : pr\u00e9parez votre potager pour l'\u00e9t\u00e9 ! - La Terre Ferme\",\"isPartOf\":{\"@id\":\"https:\\\/\\\/laterreferme.be\\\/wordpress_2\\\/#website\"},\"primaryImageOfPage\":{\"@id\":\"https:\\\/\\\/laterreferme.be\\\/wordpress_2\\\/index.php\\\/2025\\\/05\\\/09\\\/tomates-aubergines-concombres-legumes-de-saison-preparez-votre-potager-pour-lete\\\/#primaryimage\"},\"image\":{\"@id\":\"https:\\\/\\\/laterreferme.be\\\/wordpress_2\\\/index.php\\\/2025\\\/05\\\/09\\\/tomates-aubergines-concombres-legumes-de-saison-preparez-votre-potager-pour-lete\\\/#primaryimage\"},\"thumbnailUrl\":\"https:\\\/\\\/laterreferme.be\\\/wordpress_2\\\/wp-content\\\/uploads\\\/2025\\\/05\\\/IMG_5982-scaled.jpg\",\"datePublished\":\"2025-05-09T09:09:00+00:00\",\"dateModified\":\"2025-05-09T09:09:28+00:00\",\"breadcrumb\":{\"@id\":\"https:\\\/\\\/laterreferme.be\\\/wordpress_2\\\/index.php\\\/2025\\\/05\\\/09\\\/tomates-aubergines-concombres-legumes-de-saison-preparez-votre-potager-pour-lete\\\/#breadcrumb\"},\"inLanguage\":\"fr-FR\",\"potentialAction\":[{\"@type\":\"ReadAction\",\"target\":[\"https:\\\/\\\/laterreferme.be\\\/wordpress_2\\\/index.php\\\/2025\\\/05\\\/09\\\/tomates-aubergines-concombres-legumes-de-saison-preparez-votre-potager-pour-lete\\\/\"]}]},{\"@type\":\"ImageObject\",\"inLanguage\":\"fr-FR\",\"@id\":\"https:\\\/\\\/laterreferme.be\\\/wordpress_2\\\/index.php\\\/2025\\\/05\\\/09\\\/tomates-aubergines-concombres-legumes-de-saison-preparez-votre-potager-pour-lete\\\/#primaryimage\",\"url\":\"https:\\\/\\\/laterreferme.be\\\/wordpress_2\\\/wp-content\\\/uploads\\\/2025\\\/05\\\/IMG_5982-scaled.jpg\",\"contentUrl\":\"https:\\\/\\\/laterreferme.be\\\/wordpress_2\\\/wp-content\\\/uploads\\\/2025\\\/05\\\/IMG_5982-scaled.jpg\",\"width\":1920,\"height\":2560},{\"@type\":\"BreadcrumbList\",\"@id\":\"https:\\\/\\\/laterreferme.be\\\/wordpress_2\\\/index.php\\\/2025\\\/05\\\/09\\\/tomates-aubergines-concombres-legumes-de-saison-preparez-votre-potager-pour-lete\\\/#breadcrumb\",\"itemListElement\":[{\"@type\":\"ListItem\",\"position\":1,\"name\":\"Accueil\",\"item\":\"https:\\\/\\\/laterreferme.be\\\/wordpress_2\\\/\"},{\"@type\":\"ListItem\",\"position\":2,\"name\":\"Tomates, aubergines, concombres, l\u00e9gumes de saison : pr\u00e9parez votre potager pour l&rsquo;\u00e9t\u00e9 !\"}]},{\"@type\":\"WebSite\",\"@id\":\"https:\\\/\\\/laterreferme.be\\\/wordpress_2\\\/#website\",\"url\":\"https:\\\/\\\/laterreferme.be\\\/wordpress_2\\\/\",\"name\":\"La Terre Ferme\",\"description\":\"Des l\u00e9gumes sains, une exp\u00e9rience, du partage...\",\"publisher\":{\"@id\":\"https:\\\/\\\/laterreferme.be\\\/wordpress_2\\\/#organization\"},\"potentialAction\":[{\"@type\":\"SearchAction\",\"target\":{\"@type\":\"EntryPoint\",\"urlTemplate\":\"https:\\\/\\\/laterreferme.be\\\/wordpress_2\\\/?s={search_term_string}\"},\"query-input\":{\"@type\":\"PropertyValueSpecification\",\"valueRequired\":true,\"valueName\":\"search_term_string\"}}],\"inLanguage\":\"fr-FR\"},{\"@type\":\"Organization\",\"@id\":\"https:\\\/\\\/laterreferme.be\\\/wordpress_2\\\/#organization\",\"name\":\"La Terre Ferme\",\"url\":\"https:\\\/\\\/laterreferme.be\\\/wordpress_2\\\/\",\"logo\":{\"@type\":\"ImageObject\",\"inLanguage\":\"fr-FR\",\"@id\":\"https:\\\/\\\/laterreferme.be\\\/wordpress_2\\\/#\\\/schema\\\/logo\\\/image\\\/\",\"url\":\"https:\\\/\\\/laterreferme.be\\\/wordpress_2\\\/wp-content\\\/uploads\\\/2024\\\/10\\\/Logo-Full-Blanc.png\",\"contentUrl\":\"https:\\\/\\\/laterreferme.be\\\/wordpress_2\\\/wp-content\\\/uploads\\\/2024\\\/10\\\/Logo-Full-Blanc.png\",\"width\":4204,\"height\":1586,\"caption\":\"La Terre Ferme\"},\"image\":{\"@id\":\"https:\\\/\\\/laterreferme.be\\\/wordpress_2\\\/#\\\/schema\\\/logo\\\/image\\\/\"}},{\"@type\":\"Person\",\"@id\":\"https:\\\/\\\/laterreferme.be\\\/wordpress_2\\\/#\\\/schema\\\/person\\\/42d281d4a4b5f42a44877279b463ff73\",\"name\":\"admin\",\"image\":{\"@type\":\"ImageObject\",\"inLanguage\":\"fr-FR\",\"@id\":\"https:\\\/\\\/secure.gravatar.com\\\/avatar\\\/9a5fe18b312b2a042122ff84458fb49fb9e74aa85635007cbef2079cb44fc23f?s=96&d=mm&r=g\",\"url\":\"https:\\\/\\\/secure.gravatar.com\\\/avatar\\\/9a5fe18b312b2a042122ff84458fb49fb9e74aa85635007cbef2079cb44fc23f?s=96&d=mm&r=g\",\"contentUrl\":\"https:\\\/\\\/secure.gravatar.com\\\/avatar\\\/9a5fe18b312b2a042122ff84458fb49fb9e74aa85635007cbef2079cb44fc23f?s=96&d=mm&r=g\",\"caption\":\"admin\"},\"sameAs\":[\"https:\\\/\\\/laterreferme.be\\\/wordpress_2\"],\"url\":\"https:\\\/\\\/laterreferme.be\\\/wordpress_2\\\/index.php\\\/author\\\/admin_1idt1ly6\\\/\"}]}<\/script>\n<!-- \/ Yoast SEO plugin. -->","yoast_head_json":{"title":"Tomates, aubergines, concombres, l\u00e9gumes de saison : pr\u00e9parez votre potager pour l'\u00e9t\u00e9 ! - La Terre Ferme","robots":{"index":"index","follow":"follow","max-snippet":"max-snippet:-1","max-image-preview":"max-image-preview:large","max-video-preview":"max-video-preview:-1"},"canonical":"https:\/\/laterreferme.be\/wordpress_2\/index.php\/2025\/05\/09\/tomates-aubergines-concombres-legumes-de-saison-preparez-votre-potager-pour-lete\/","og_locale":"fr_FR","og_type":"article","og_title":"Tomates, aubergines, concombres, l\u00e9gumes de saison : pr\u00e9parez votre potager pour l'\u00e9t\u00e9 ! - La Terre Ferme","og_description":"Cette belle saison qui d\u00e9marre annonce l&rsquo;abondance \u2600\ufe0f Vous souhaitez pr\u00e9parer votre potager pour l&rsquo;\u00e9t\u00e9 ? \ud83d\udc69\ud83c\udffb\u200d\ud83c\udf3e\ud83d\udc68\ud83c\udffb\u200d\ud83c\udf3e Un large choix de l\u00e9gumes, pr\u00eat \u00e0 \u00eatre mis en terre vous attendra [&hellip;]","og_url":"https:\/\/laterreferme.be\/wordpress_2\/index.php\/2025\/05\/09\/tomates-aubergines-concombres-legumes-de-saison-preparez-votre-potager-pour-lete\/","og_site_name":"La Terre Ferme","article_published_time":"2025-05-09T09:09:00+00:00","article_modified_time":"2025-05-09T09:09:28+00:00","og_image":[{"width":1920,"height":2560,"url":"https:\/\/laterreferme.be\/wordpress_2\/wp-content\/uploads\/2025\/05\/IMG_5982-scaled.jpg","type":"image\/jpeg"}],"author":"admin","twitter_card":"summary_large_image","twitter_misc":{"\u00c9crit par":"admin","Dur\u00e9e de lecture estim\u00e9e":"1 minute"},"schema":{"@context":"https:\/\/schema.org","@graph":[{"@type":"Article","@id":"https:\/\/laterreferme.be\/wordpress_2\/index.php\/2025\/05\/09\/tomates-aubergines-concombres-legumes-de-saison-preparez-votre-potager-pour-lete\/#article","isPartOf":{"@id":"https:\/\/laterreferme.be\/wordpress_2\/index.php\/2025\/05\/09\/tomates-aubergines-concombres-legumes-de-saison-preparez-votre-potager-pour-lete\/"},"author":{"name":"admin","@id":"https:\/\/laterreferme.be\/wordpress_2\/#\/schema\/person\/42d281d4a4b5f42a44877279b463ff73"},"headline":"Tomates, aubergines, concombres, l\u00e9gumes de saison : pr\u00e9parez votre potager pour l&rsquo;\u00e9t\u00e9 !","datePublished":"2025-05-09T09:09:00+00:00","dateModified":"2025-05-09T09:09:28+00:00","mainEntityOfPage":{"@id":"https:\/\/laterreferme.be\/wordpress_2\/index.php\/2025\/05\/09\/tomates-aubergines-concombres-legumes-de-saison-preparez-votre-potager-pour-lete\/"},"wordCount":168,"commentCount":0,"publisher":{"@id":"https:\/\/laterreferme.be\/wordpress_2\/#organization"},"image":{"@id":"https:\/\/laterreferme.be\/wordpress_2\/index.php\/2025\/05\/09\/tomates-aubergines-concombres-legumes-de-saison-preparez-votre-potager-pour-lete\/#primaryimage"},"thumbnailUrl":"https:\/\/laterreferme.be\/wordpress_2\/wp-content\/uploads\/2025\/05\/IMG_5982-scaled.jpg","articleSection":["\u00c9venements"],"inLanguage":"fr-FR","potentialAction":[{"@type":"CommentAction","name":"Comment","target":["https:\/\/laterreferme.be\/wordpress_2\/index.php\/2025\/05\/09\/tomates-aubergines-concombres-legumes-de-saison-preparez-votre-potager-pour-lete\/#respond"]}]},{"@type":"WebPage","@id":"https:\/\/laterreferme.be\/wordpress_2\/index.php\/2025\/05\/09\/tomates-aubergines-concombres-legumes-de-saison-preparez-votre-potager-pour-lete\/","url":"https:\/\/laterreferme.be\/wordpress_2\/index.php\/2025\/05\/09\/tomates-aubergines-concombres-legumes-de-saison-preparez-votre-potager-pour-lete\/","name":"Tomates, aubergines, concombres, l\u00e9gumes de saison : pr\u00e9parez votre potager pour l'\u00e9t\u00e9 ! - La Terre Ferme","isPartOf":{"@id":"https:\/\/laterreferme.be\/wordpress_2\/#website"},"primaryImageOfPage":{"@id":"https:\/\/laterreferme.be\/wordpress_2\/index.php\/2025\/05\/09\/tomates-aubergines-concombres-legumes-de-saison-preparez-votre-potager-pour-lete\/#primaryimage"},"image":{"@id":"https:\/\/laterreferme.be\/wordpress_2\/index.php\/2025\/05\/09\/tomates-aubergines-concombres-legumes-de-saison-preparez-votre-potager-pour-lete\/#primaryimage"},"thumbnailUrl":"https:\/\/laterreferme.be\/wordpress_2\/wp-content\/uploads\/2025\/05\/IMG_5982-scaled.jpg","datePublished":"2025-05-09T09:09:00+00:00","dateModified":"2025-05-09T09:09:28+00:00","breadcrumb":{"@id":"https:\/\/laterreferme.be\/wordpress_2\/index.php\/2025\/05\/09\/tomates-aubergines-concombres-legumes-de-saison-preparez-votre-potager-pour-lete\/#breadcrumb"},"inLanguage":"fr-FR","potentialAction":[{"@type":"ReadAction","target":["https:\/\/laterreferme.be\/wordpress_2\/index.php\/2025\/05\/09\/tomates-aubergines-concombres-legumes-de-saison-preparez-votre-potager-pour-lete\/"]}]},{"@type":"ImageObject","inLanguage":"fr-FR","@id":"https:\/\/laterreferme.be\/wordpress_2\/index.php\/2025\/05\/09\/tomates-aubergines-concombres-legumes-de-saison-preparez-votre-potager-pour-lete\/#primaryimage","url":"https:\/\/laterreferme.be\/wordpress_2\/wp-content\/uploads\/2025\/05\/IMG_5982-scaled.jpg","contentUrl":"https:\/\/laterreferme.be\/wordpress_2\/wp-content\/uploads\/2025\/05\/IMG_5982-scaled.jpg","width":1920,"height":2560},{"@type":"BreadcrumbList","@id":"https:\/\/laterreferme.be\/wordpress_2\/index.php\/2025\/05\/09\/tomates-aubergines-concombres-legumes-de-saison-preparez-votre-potager-pour-lete\/#breadcrumb","itemListElement":[{"@type":"ListItem","position":1,"name":"Accueil","item":"https:\/\/laterreferme.be\/wordpress_2\/"},{"@type":"ListItem","position":2,"name":"Tomates, aubergines, concombres, l\u00e9gumes de saison : pr\u00e9parez votre potager pour l&rsquo;\u00e9t\u00e9 !"}]},{"@type":"WebSite","@id":"https:\/\/laterreferme.be\/wordpress_2\/#website","url":"https:\/\/laterreferme.be\/wordpress_2\/","name":"La Terre Ferme","description":"Des l\u00e9gumes sains, une exp\u00e9rience, du partage...","publisher":{"@id":"https:\/\/laterreferme.be\/wordpress_2\/#organization"},"potentialAction":[{"@type":"SearchAction","target":{"@type":"EntryPoint","urlTemplate":"https:\/\/laterreferme.be\/wordpress_2\/?s={search_term_string}"},"query-input":{"@type":"PropertyValueSpecification","valueRequired":true,"valueName":"search_term_string"}}],"inLanguage":"fr-FR"},{"@type":"Organization","@id":"https:\/\/laterreferme.be\/wordpress_2\/#organization","name":"La Terre Ferme","url":"https:\/\/laterreferme.be\/wordpress_2\/","logo":{"@type":"ImageObject","inLanguage":"fr-FR","@id":"https:\/\/laterreferme.be\/wordpress_2\/#\/schema\/logo\/image\/","url":"https:\/\/laterreferme.be\/wordpress_2\/wp-content\/uploads\/2024\/10\/Logo-Full-Blanc.png","contentUrl":"https:\/\/laterreferme.be\/wordpress_2\/wp-content\/uploads\/2024\/10\/Logo-Full-Blanc.png","width":4204,"height":1586,"caption":"La Terre Ferme"},"image":{"@id":"https:\/\/laterreferme.be\/wordpress_2\/#\/schema\/logo\/image\/"}},{"@type":"Person","@id":"https:\/\/laterreferme.be\/wordpress_2\/#\/schema\/person\/42d281d4a4b5f42a44877279b463ff73","name":"admin","image":{"@type":"ImageObject","inLanguage":"fr-FR","@id":"https:\/\/secure.gravatar.com\/avatar\/9a5fe18b312b2a042122ff84458fb49fb9e74aa85635007cbef2079cb44fc23f?s=96&d=mm&r=g","url":"https:\/\/secure.gravatar.com\/avatar\/9a5fe18b312b2a042122ff84458fb49fb9e74aa85635007cbef2079cb44fc23f?s=96&d=mm&r=g","contentUrl":"https:\/\/secure.gravatar.com\/avatar\/9a5fe18b312b2a042122ff84458fb49fb9e74aa85635007cbef2079cb44fc23f?s=96&d=mm&r=g","caption":"admin"},"sameAs":["https:\/\/laterreferme.be\/wordpress_2"],"url":"https:\/\/laterreferme.be\/wordpress_2\/index.php\/author\/admin_1idt1ly6\/"}]}},"_links":{"self":[{"href":"https:\/\/laterreferme.be\/wordpress_2\/index.php\/wp-json\/wp\/v2\/posts\/461","targetHints":{"allow":["GET"]}}],"collection":[{"href":"https:\/\/laterreferme.be\/wordpress_2\/index.php\/wp-json\/wp\/v2\/posts"}],"about":[{"href":"https:\/\/laterreferme.be\/wordpress_2\/index.php\/wp-json\/wp\/v2\/types\/post"}],"author":[{"embeddable":true,"href":"https:\/\/laterreferme.be\/wordpress_2\/index.php\/wp-json\/wp\/v2\/users\/1"}],"replies":[{"embeddable":true,"href":"https:\/\/laterreferme.be\/wordpress_2\/index.php\/wp-json\/wp\/v2\/comments?post=461"}],"version-history":[{"count":2,"href":"https:\/\/laterreferme.be\/wordpress_2\/index.php\/wp-json\/wp\/v2\/posts\/461\/revisions"}],"predecessor-version":[{"id":464,"href":"https:\/\/laterreferme.be\/wordpress_2\/index.php\/wp-json\/wp\/v2\/posts\/461\/revisions\/464"}],"wp:featuredmedia":[{"embeddable":true,"href":"https:\/\/laterreferme.be\/wordpress_2\/index.php\/wp-json\/wp\/v2\/media\/462"}],"wp:attachment":[{"href":"https:\/\/laterreferme.be\/wordpress_2\/index.php\/wp-json\/wp\/v2\/media?parent=461"}],"wp:term":[{"taxonomy":"category","embeddable":true,"href":"https:\/\/laterreferme.be\/wordpress_2\/index.php\/wp-json\/wp\/v2\/categories?post=461"},{"taxonomy":"post_tag","embeddable":true,"href":"https:\/\/laterreferme.be\/wordpress_2\/index.php\/wp-json\/wp\/v2\/tags?post=461"}],"curies":[{"name":"wp","href":"https:\/\/api.w.org\/{rel}","templated":true}]}}